{"id":5622,"date":"2017-07-15T20:10:05","date_gmt":"2017-07-15T20:10:05","guid":{"rendered":"https:\/\/angelasheaven.com\/?p=5622"},"modified":"2021-07-21T06:22:47","modified_gmt":"2021-07-21T06:22:47","slug":"saftiga-och-goda-glutenfria-lussebullar","status":"publish","type":"post","link":"https:\/\/angelasheaven.com\/sv\/saftiga-och-goda-glutenfria-lussebullar\/","title":{"rendered":"Saftiga glutenfria lussebullar"},"content":{"rendered":"<p><img decoding=\"async\" class=\"lazyload alignnone size-full wp-image-12725\" src=\"https:\/\/angelasheaven.com\/wp-content\/uploads\/2017\/07\/glutenfria-lussebullare.jpg\" data-orig-src=\"https:\/\/angelasheaven.com\/wp-content\/uploads\/2017\/07\/glutenfria-lussebullare.jpg\" alt=\"\" width=\"530\" height=\"700\" srcset=\"data:image\/svg+xml,%3Csvg%20xmlns%3D%27http%3A%2F%2Fwww.w3.org%2F2000%2Fsvg%27%20width%3D%27530%27%20height%3D%27700%27%20viewBox%3D%270%200%20530%20700%27%3E%3Crect%20width%3D%27530%27%20height%3D%27700%27%20fill-opacity%3D%220%22%2F%3E%3C%2Fsvg%3E\" data-srcset=\"https:\/\/angelasheaven.com\/wp-content\/uploads\/2017\/07\/glutenfria-lussebullare-227x300.jpg 227w, https:\/\/angelasheaven.com\/wp-content\/uploads\/2017\/07\/glutenfria-lussebullare-300x396.jpg 300w, https:\/\/angelasheaven.com\/wp-content\/uploads\/2017\/07\/glutenfria-lussebullare-500x660.jpg 500w, https:\/\/angelasheaven.com\/wp-content\/uploads\/2017\/07\/glutenfria-lussebullare.jpg 530w\" data-sizes=\"auto\" data-orig-sizes=\"(max-width: 530px) 100vw, 530px\" \/><\/p>\n<p><strong>Lussebullar med mandelmassa<\/strong><\/p>\n<p>Nu \u00e4r det snart dags att b\u00f6rja g\u00f6ra lussebullar och jag har tjuvstartat lite med de h\u00e4r lussebullarna som \u00e4r helt glutenfria. Det kan vara lite knepigt att f\u00e5 glutenfria lussebullar att bli luftiga, men det h\u00e4r blev helt otroligt bra. Jag l\u00e4t dom j\u00e4sa extra l\u00e4nge i ugnen med lite v\u00e4rme p\u00e5 och de blev precis lika fina som vanliga lussebullar. F\u00f6r att g\u00f6ra n\u00e5got litet annorlunda provade jag n\u00e5got helt nytt i \u00e5r. Jag hade lite riven mandelmassa i degen f\u00f6r att se om det blev saftigare och jisses vad gott det blev. Det blev b\u00e5de saftigt och fantastiskt gott med en lite mandelmassa i. Jag har provat receptet b\u00e5de med och utan mandelmassa och det blir lika bra b\u00e5da delarna. Utan mandelmassa blir det den klassiska lussebullen och med mandelmassa blir den lite saftigare, lite kletigare, lite s\u00f6tare och med en smak av mandelmassa. Om du \u00e4r os\u00e4ker p\u00e5 vilken du skall prova s\u00e5 g\u00f6r halva degen med och halva degen utan s\u00e5 kan du sj\u00e4lv avg\u00f6ra vilken som \u00e4r godast. De \u00e4r helt fantastiska b\u00e5da tv\u00e5.<\/p>\n<p><strong>Recept<br \/>\n<\/strong>75 g sm\u00f6r<br \/>\n2 dl mj\u00f6lk<br \/>\n1 pkt j\u00e4st (50 g)<br \/>\n2 tsk fiberhusk<br \/>\n1 dl Kesella, mager kvarg<br \/>\n1 dl socker<br \/>\n1 st \u00e4gg<br \/>\n0,5 g saffran<br \/>\n100 g riven mandelmassa<br \/>\n1 krm salt<br \/>\n1 pkt Semper \"r\u00f6d\" mix (spara 1 1\/2 dl till utbakningen)<br \/>\nRussin<\/p>\n<p><strong>G\u00f6r s\u00e5 h\u00e4r...<\/strong><\/p>\n<ol>\n<li>Sm\u00e4lt fettet, h\u00e4ll p\u00e5 mj\u00f6ken och l\u00e5t det bli ljummet, ca 37 grader.<\/li>\n<li>Vispa ut j\u00e4sten och sedan fiberhusken i degspadet. L\u00e5t sv\u00e4lla 10 minuter och r\u00f6r om s\u00e5 att det inte klumpar sig.<\/li>\n<li>Tills\u00e4tt kesella, socker, \u00e4gg, saffran, riven mandelmassa och salt.<\/li>\n<li>Arbeta i mixen, spara ca 1 1\/2 dl till utbakningen.<\/li>\n<li>L\u00e5t degen j\u00e4sa* \u00f6vert\u00e4ckt 1 timma.<\/li>\n<li>Arbeta ihop degen, dela den i 20 bitar och baka ut till lussekatter. Garnera med russin.<\/li>\n<li>J\u00e4s* \u00f6vert\u00e4ckta p\u00e5 pl\u00e5t ca 30 minuter. Pensla med uppvispat \u00e4gg.<\/li>\n<li>Gr\u00e4dda i 250 grader, ca 5-7 minuter.<\/li>\n<\/ol>\n<p>* Glutenfria degar kan vara lite sv\u00e5ra att f\u00e5 j\u00e4sta och fluffiga, men om du s\u00e4tter in degen i ugnen p\u00e5 l\u00e4gsta temperatur s\u00e5 att de f\u00e5r st\u00e5 ljummet s\u00e5 j\u00e4ser degen v\u00e4ldigt bra och bullarna blir luftiga. S\u00e4tt en grytlapp eller liknande i ugnsluckan s\u00e5 att det kommer in lite luft och inte blir f\u00f6r varmt.<\/p>\n<p><a title=\"Blogglovin\" href=\"https:\/\/www.bloglovin.com\/blogs\/angelas-heaven-12783143\" target=\"_blank\" rel=\"noopener noreferrer\"><img decoding=\"async\" class=\"lazyload alignnone size-full wp-image-4648\" src=\"data:image\/svg+xml,%3Csvg%20xmlns%3D%27http%3A%2F%2Fwww.w3.org%2F2000%2Fsvg%27%20width%3D%27227%27%20height%3D%27264%27%20viewBox%3D%270%200%20227%20264%27%3E%3Crect%20width%3D%27227%27%20height%3D%27264%27%20fill-opacity%3D%220%22%2F%3E%3C%2Fsvg%3E\" data-orig-src=\"https:\/\/angelasheaven.com\/wp-content\/uploads\/2015\/04\/bloglovin.png\" alt=\"bloglovin\" width=\"227\" height=\"264\" \/><\/a><\/p>","protected":false},"excerpt":{"rendered":"<p>Lussebullar med mandelmassa Nu \u00e4r det snart dags att b\u00f6rja g\u00f6ra lussebullar och jag har tjuvstartat lite med de h\u00e4r lussebullarna som \u00e4r  [&#8230;]<\/p>\n","protected":false},"author":1,"featured_media":10167,"comment_status":"open","ping_status":"open","sticky":false,"template":"","format":"standard","meta":{"_acf_changed":false,"_bbp_topic_count":0,"_bbp_reply_count":0,"_bbp_total_topic_count":0,"_bbp_total_reply_count":0,"_bbp_voice_count":0,"_bbp_anonymous_reply_count":0,"_bbp_topic_count_hidden":0,"_bbp_reply_count_hidden":0,"_bbp_forum_subforum_count":0,"om_disable_all_campaigns":false,"wprm-recipe-roundup-name":"","wprm-recipe-roundup-description":"","_monsterinsights_skip_tracking":false,"_monsterinsights_sitenote_active":false,"_monsterinsights_sitenote_note":"","_monsterinsights_sitenote_category":0,"footnotes":""},"categories":[157],"tags":[647,134,503,133,720,921,917,500,93,38,136,62,63,896,2323,429,450,106,2321,2322,916,918,96,508,301,178,827,2320,355,919,920,353,243,228,135,169],"class_list":["post-5622","post","type-post","status-publish","format-standard","has-post-thumbnail","hentry","category-godsaker","tag-ekologiskt","tag-fika","tag-gi","tag-glutenfri","tag-glutenfria","tag-glutenfria-lussebullar","tag-glutenfria-lussekatter","tag-glutenfria-recept","tag-glutenfritt","tag-halsa","tag-halsogodis","tag-halsosam","tag-halsosamt","tag-jul","tag-jul-recept","tag-julgodis","tag-julrecept","tag-kaka","tag-lucia","tag-lucia-recept","tag-lussebullar","tag-lussekatter","tag-mellanmal","tag-nyttig","tag-nyttig-fika","tag-nyttig-mat","tag-nyttiga","tag-nyttiga-bullar","tag-nyttiga-kakor","tag-nyttiga-lussebullar","tag-nyttiga-lussekatter","tag-nyttiga-recept","tag-nyttigt-godis","tag-nyttigt-mellanmal","tag-nyttogodis","tag-recept"],"acf":[],"aioseo_notices":[],"_links":{"self":[{"href":"https:\/\/angelasheaven.com\/sv\/wp-json\/wp\/v2\/posts\/5622","targetHints":{"allow":["GET"]}}],"collection":[{"href":"https:\/\/angelasheaven.com\/sv\/wp-json\/wp\/v2\/posts"}],"about":[{"href":"https:\/\/angelasheaven.com\/sv\/wp-json\/wp\/v2\/types\/post"}],"author":[{"embeddable":true,"href":"https:\/\/angelasheaven.com\/sv\/wp-json\/wp\/v2\/users\/1"}],"replies":[{"embeddable":true,"href":"https:\/\/angelasheaven.com\/sv\/wp-json\/wp\/v2\/comments?post=5622"}],"version-history":[{"count":21,"href":"https:\/\/angelasheaven.com\/sv\/wp-json\/wp\/v2\/posts\/5622\/revisions"}],"predecessor-version":[{"id":12727,"href":"https:\/\/angelasheaven.com\/sv\/wp-json\/wp\/v2\/posts\/5622\/revisions\/12727"}],"wp:featuredmedia":[{"embeddable":true,"href":"https:\/\/angelasheaven.com\/sv\/wp-json\/wp\/v2\/media\/10167"}],"wp:attachment":[{"href":"https:\/\/angelasheaven.com\/sv\/wp-json\/wp\/v2\/media?parent=5622"}],"wp:term":[{"taxonomy":"category","embeddable":true,"href":"https:\/\/angelasheaven.com\/sv\/wp-json\/wp\/v2\/categories?post=5622"},{"taxonomy":"post_tag","embeddable":true,"href":"https:\/\/angelasheaven.com\/sv\/wp-json\/wp\/v2\/tags?post=5622"}],"curies":[{"name":"wp","href":"https:\/\/api.w.org\/{rel}","templated":true}]}}